{"id":10255,"date":"2021-11-24T07:55:32","date_gmt":"2021-11-24T06:55:32","guid":{"rendered":"https:\/\/ceramica-ch.ch\/?p=10255"},"modified":"2021-11-25T18:45:14","modified_gmt":"2021-11-25T17:45:14","slug":"24-november-2021","status":"publish","type":"post","link":"https:\/\/ceramica-ch.ch\/fr\/24-november-2021\/","title":{"rendered":"24 novembre 2021"},"content":{"rendered":"\n<p>L&rsquo;inventaire du canton des Grisons est termin\u00e9 et sa mise en ligne est achev\u00e9e. Nous commen\u00e7ons maintenant les pr\u00e9paratifs pour nous atteler \u00e0 l&rsquo;inventaire dans le canton de Berne. Dans ce canton, ce sera tout d&rsquo;abord Abraham Marti (1718-1792), l\u2019extraordinaire potier de Blankenbourg, qui nous occupera. Une monographie le concernant devrait para\u00eetre \u00e0 l&rsquo;\u00e9t\u00e9 2023.<\/p>\n\n\n\n<figure class=\"wp-block-image size-large\"><img loading=\"lazy\" decoding=\"async\" width=\"592\" height=\"600\" src=\"https:\/\/ceramica-ch.ch\/wp-content\/uploads\/MAG_AR932_Foto-Mauro-Magliani_2016_01-1.jpg\" alt=\"\" class=\"wp-image-10256\" srcset=\"https:\/\/ceramica-ch.ch\/wp-content\/uploads\/MAG_AR932_Foto-Mauro-Magliani_2016_01-1.jpg 592w, https:\/\/ceramica-ch.ch\/wp-content\/uploads\/MAG_AR932_Foto-Mauro-Magliani_2016_01-1-296x300.jpg 296w\" sizes=\"auto, (max-width: 592px) 100vw, 592px\" \/><\/figure>\n\n\n\n<figure class=\"wp-block-image size-large\"><img loading=\"lazy\" decoding=\"async\" width=\"600\" height=\"584\" src=\"https:\/\/ceramica-ch.ch\/wp-content\/uploads\/MAG_AR906_Foto-Mauro-Magliani_2016_01-1.jpg\" alt=\"\" class=\"wp-image-10258\" srcset=\"https:\/\/ceramica-ch.ch\/wp-content\/uploads\/MAG_AR906_Foto-Mauro-Magliani_2016_01-1.jpg 600w, https:\/\/ceramica-ch.ch\/wp-content\/uploads\/MAG_AR906_Foto-Mauro-Magliani_2016_01-1-300x292.jpg 300w\" sizes=\"auto, (max-width: 600px) 100vw, 600px\" \/><\/figure>\n","protected":false},"excerpt":{"rendered":"<p>L&rsquo;inventaire du canton des Grisons est termin\u00e9 et sa mise en ligne est achev\u00e9e. Nous commen\u00e7ons maintenant les pr\u00e9paratifs pour nous atteler \u00e0 l&rsquo;inventaire dans le canton de Berne. Dans ce canton, ce sera tout d&rsquo;abord Abraham Marti (1718-1792), l\u2019extraordinaire potier de Blankenbourg, qui nous occupera. Une monographie le concernant devrait para\u00eetre \u00e0 l&rsquo;\u00e9t\u00e9 2023.<\/p>\n","protected":false},"author":3,"featured_media":0,"comment_status":"closed","ping_status":"closed","sticky":false,"template":"","format":"standard","meta":{"footnotes":""},"categories":[5],"tags":[],"class_list":["post-10255","post","type-post","status-publish","format-standard","hentry","category-non-classifiee"],"_links":{"self":[{"href":"https:\/\/ceramica-ch.ch\/fr\/wp-json\/wp\/v2\/posts\/10255","targetHints":{"allow":["GET"]}}],"collection":[{"href":"https:\/\/ceramica-ch.ch\/fr\/wp-json\/wp\/v2\/posts"}],"about":[{"href":"https:\/\/ceramica-ch.ch\/fr\/wp-json\/wp\/v2\/types\/post"}],"author":[{"embeddable":true,"href":"https:\/\/ceramica-ch.ch\/fr\/wp-json\/wp\/v2\/users\/3"}],"replies":[{"embeddable":true,"href":"https:\/\/ceramica-ch.ch\/fr\/wp-json\/wp\/v2\/comments?post=10255"}],"version-history":[{"count":2,"href":"https:\/\/ceramica-ch.ch\/fr\/wp-json\/wp\/v2\/posts\/10255\/revisions"}],"predecessor-version":[{"id":10284,"href":"https:\/\/ceramica-ch.ch\/fr\/wp-json\/wp\/v2\/posts\/10255\/revisions\/10284"}],"wp:attachment":[{"href":"https:\/\/ceramica-ch.ch\/fr\/wp-json\/wp\/v2\/media?parent=10255"}],"wp:term":[{"taxonomy":"category","embeddable":true,"href":"https:\/\/ceramica-ch.ch\/fr\/wp-json\/wp\/v2\/categories?post=10255"},{"taxonomy":"post_tag","embeddable":true,"href":"https:\/\/ceramica-ch.ch\/fr\/wp-json\/wp\/v2\/tags?post=10255"}],"curies":[{"name":"wp","href":"https:\/\/api.w.org\/{rel}","templated":true}]}}