{"id":10519,"date":"2022-01-21T15:29:39","date_gmt":"2022-01-21T14:29:39","guid":{"rendered":"https:\/\/ceramica-ch.ch\/?p=10519"},"modified":"2022-01-21T16:40:24","modified_gmt":"2022-01-21T15:40:24","slug":"19-janvier-2022","status":"publish","type":"post","link":"https:\/\/ceramica-ch.ch\/fr\/19-janvier-2022\/","title":{"rendered":"19 janvier 2022"},"content":{"rendered":"\n<p>Apr\u00e8s le canton des Grisons, CERAMICA CH passe au canton de Berne. L\u2019Inventaire national de la c\u00e9ramique en Suisse va maintenant se consacrer au traitement du potier Abraham Marti de Blankenbourg.<\/p>\n\n\n\n<p><a href=\"https:\/\/ceramica-ch.ch\/katalog\/#fq=herstellungsort%3ABlankenburg&amp;q=*%3A*\"><strong>C\u00e9ramiques de Blankenbourg dans CERAMICA CH<\/strong><\/a><\/p>\n\n\n\n<h2 class=\"wp-block-heading\"><strong>On recherche des objets !<\/strong><\/h2>\n\n\n\n<figure class=\"wp-block-image size-large\"><img loading=\"lazy\" decoding=\"async\" width=\"1024\" height=\"1008\" src=\"https:\/\/ceramica-ch.ch\/wp-content\/uploads\/BHM_H_08656_FotoAndreasHeege_klein-1024x1008.jpg\" alt=\"\" class=\"wp-image-10513\" srcset=\"https:\/\/ceramica-ch.ch\/wp-content\/uploads\/BHM_H_08656_FotoAndreasHeege_klein-1024x1008.jpg 1024w, https:\/\/ceramica-ch.ch\/wp-content\/uploads\/BHM_H_08656_FotoAndreasHeege_klein-300x295.jpg 300w, https:\/\/ceramica-ch.ch\/wp-content\/uploads\/BHM_H_08656_FotoAndreasHeege_klein-768x756.jpg 768w, https:\/\/ceramica-ch.ch\/wp-content\/uploads\/BHM_H_08656_FotoAndreasHeege_klein-1536x1512.jpg 1536w, https:\/\/ceramica-ch.ch\/wp-content\/uploads\/BHM_H_08656_FotoAndreasHeege_klein-2048x2016.jpg 2048w\" sizes=\"auto, (max-width: 1024px) 100vw, 1024px\" \/><\/figure>\n\n\n\n<p><em>C\u00e9ramique de Blankenbourg. Abraham Marti (1718-1792), un potier rural bernois.<\/em><\/p>\n\n\n\n<p>Abraham Marti est n\u00e9 en 1718 \u00e0 <a href=\"https:\/\/hls-dhs-dss.ch\/fr\/articles\/000299\/2016-09-14\/\" target=\"_blank\" rel=\"noreferrer noopener\">Fraubrunnen<\/a> dans la partie bernoise du <a href=\"https:\/\/fr.wikipedia.org\/wiki\/Plateau_suisse\" target=\"_blank\" rel=\"noreferrer noopener\">Plateau suisse<\/a>, \u00e0 une trentaine de km au nord de Berne. Il est le fils du potier Hans Rudolf Marti (1691-1742) et de son \u00e9pouse Anna Barbara Reutlinger (1699-1744). Il est mort en 1792 \u00e0 <a href=\"https:\/\/hls-dhs-dss.ch\/fr\/articles\/008494\/2002-11-04\/\" target=\"_blank\" rel=\"noreferrer noopener\">Blankenbourg<\/a>, dans l&rsquo;actuelle commune de <a href=\"https:\/\/hls-dhs-dss.ch\/fr\/articles\/000476\/2014-11-18\/\" target=\"_blank\" rel=\"noreferrer noopener\">Zweisimmen<\/a>. Abraham a repris l&rsquo;atelier de ses parents \u00e0 Fraubrunnen \u00e0 partir de 1740\/1741, mais n&rsquo;a pas pu le conserver en raison d&rsquo;un partage d&rsquo;h\u00e9ritage probl\u00e9matique et d&rsquo;un endettement trop \u00e9lev\u00e9. Il s&rsquo;est donc mis \u00e0 la recherche d&rsquo;un nouveau champ d&rsquo;activit\u00e9 et de nouveaux d\u00e9bouch\u00e9s dans une r\u00e9gion o\u00f9 l&rsquo;on ne trouve aucune autre trace de potiers au milieu du 18\u00e8me si\u00e8cle, le <a href=\"https:\/\/hls-dhs-dss.ch\/fr\/articles\/012906\/2011-11-28\/\" target=\"_blank\" rel=\"noreferrer noopener\">Simmental<\/a>, une vall\u00e9e du canton de Berne, entre le lac de Thoune\/Spiez \u00e0 une quarantaine de km au sud de Berne et la cha\u00eene des Alpes en direction de <a href=\"https:\/\/hls-dhs-dss.ch\/fr\/articles\/008508\/2011-02-09\/\" target=\"_blank\" rel=\"noreferrer noopener\">Gessenay<\/a> (Saanen) et Gstaad. De 1749 \u00e0 1757, on le trouve \u00e0 Saanen, puis, ensuite, \u00e0 Blankenbourg.<\/p>\n\n\n\n<p>Les mus\u00e9es et collections de Suisse, d&rsquo;Allemagne et d&rsquo;Angleterre ont conserv\u00e9 \u00e0 ce jour environ 250 c\u00e9ramiques pouvant \u00eatre attribu\u00e9es \u00e0 la production d&rsquo;Abraham Marti qui comprend principalement des c\u00e9ramiques de table comportant un d\u00e9cor au pinceau bleu ou polychrome sous gla\u00e7ure appos\u00e9 sur un fond blanc. Les formes des c\u00e9ramiques d&rsquo;Abraham Marti sont tr\u00e8s caract\u00e9ristiques. Le style et la r\u00e9alisation des \u00e9ventuelles inscriptions qu\u2019elles comportent sont clairement identifiables. Dans les mus\u00e9es, ce sont les typiques plats et assiettes plats de Marti qui constituent la part la plus importantes des c\u00e9ramiques de Marti qui y sont conserv\u00e9es. Ces plats et assiettes ne portent normalement pas d&rsquo;\u0153illet de suspension au dos et ne pouvaient donc \u00eatre rang\u00e9s ou montr\u00e9s que sur une \u00e9tag\u00e8re, un buffet ou un pr\u00e9sentoir. Les autres formes, notamment les r\u00e9cipients, sont extr\u00eamement rares : on recense deux beurriers, une th\u00e9i\u00e8re, une bouteille, une \u00e9critoire, deux pots et plusieurs fontaines murales, &nbsp;parfois avec leurs bassins pour se laver les mains. Contrairement aux autres potiers du canton de Berne, Marti, utilisant des couleurs vives, composait ses d\u00e9cors au pinceau d&rsquo;une fa\u00e7on particuli\u00e8rement expressive et inhabituelle \u00e0 cette \u00e9poque et dans cette r\u00e9gion. Il n&rsquo;existe malheureusement pas de fouilles concernant Abraham Marti. Les trouvailles arch\u00e9ologiques qui auraient pu provenir de l\u2019emplacement de son atelier ou des lieux o\u00f9 les c\u00e9ramiques ont \u00e9t\u00e9 utilis\u00e9es font totalement d\u00e9faut. Le b\u00e2timent o\u00f9 se trouvait l&rsquo;atelier de Blankenbourg a \u00e9t\u00e9 remplac\u00e9 par constructions vers 1980, de sorte que nous ne disposons malheureusement pas non plus d&rsquo;informations d\u00e9taill\u00e9es sur l&rsquo;atelier ni sur les \u00e9ventuels rebuts de sa production.<\/p>\n\n\n\n<p>Une \u00e9tude exhaustive couvrant la production compl\u00e8te d&rsquo;Abraham Marti n&rsquo;a encore jamais \u00e9t\u00e9 r\u00e9alis\u00e9e ni publi\u00e9e. La <a href=\"https:\/\/www.schloss-blankenburg.ch\/stiftung\" target=\"_blank\" rel=\"noreferrer noopener\">Fondation du ch\u00e2teau de Blankenbourg<\/a> souhaite y rem\u00e9dier en collaboration avec le Mus\u00e9e d\u2019Histoire de Berne et la Fondation CERAMICA \u00e0 B\u00e2le. Les travaux ont maintenant d\u00e9but\u00e9 et le livre devrait para\u00eetre au printemps 2023.<\/p>\n\n\n\n<p>Si vous poss\u00e9dez des c\u00e9ramiques de Marti ou avez des informations les concernant, vous \u00eates pri\u00e9s de vous annoncer aupr\u00e8s de : <strong>Andreas Heege, Im R\u00f6tel 3, CH 6300 Zoug, <\/strong><a href=\"mailto:roth-heege@bluewin.ch\"><strong>roth-heege@bluewin.ch<\/strong><\/a><strong>, +41 79\u00a0702 73 43.<\/strong><\/p>\n\n\n\n<p><strong>Litt\u00e9rature sur le sujet<\/strong> : Andreas Heege\/Andreas Kistler, <a rel=\"noreferrer noopener\" href=\"http:\/\/institutions.ville-geneve.ch\/en\/ariana\/resources\/publications\/poteries-decorees-de-suisse-alemanique-17e-19e-siecles\/\" target=\"_blank\">Poteries d\u00e9cor\u00e9es de Suisse al\u00e9manique<\/a>, 17\u00e8me-19\u00e8me si\u00e8cles &#8211; Collections du Mus\u00e9e Ariana, Gen\u00e8ve &#8211; Keramik der Deutschschweiz, 17.-19. Jahrhundert \u2013 Collections du Mus\u00e9e Ariana, Gen\u00e8ve, Milan 2017, 127-173.<\/p>\n","protected":false},"excerpt":{"rendered":"<p>Apr\u00e8s le canton des Grisons, CERAMICA CH passe au canton de Berne. L\u2019Inventaire national de la c\u00e9ramique en Suisse va maintenant se consacrer au traitement du potier Abraham Marti de Blankenbourg. C\u00e9ramiques de Blankenbourg dans CERAMICA CH On recherche des objets ! C\u00e9ramique de Blankenbourg. Abraham Marti (1718-1792), un potier rural bernois. Abraham Marti est &hellip; <a href=\"https:\/\/ceramica-ch.ch\/fr\/19-janvier-2022\/\" class=\"more-link\">Continuer la lecture de <span class=\"screen-reader-text\">19 janvier 2022<\/span> <span class=\"meta-nav\">&rarr;<\/span><\/a><\/p>\n","protected":false},"author":3,"featured_media":0,"comment_status":"closed","ping_status":"closed","sticky":false,"template":"","format":"standard","meta":{"footnotes":""},"categories":[5],"tags":[],"class_list":["post-10519","post","type-post","status-publish","format-standard","hentry","category-non-classifiee"],"_links":{"self":[{"href":"https:\/\/ceramica-ch.ch\/fr\/wp-json\/wp\/v2\/posts\/10519","targetHints":{"allow":["GET"]}}],"collection":[{"href":"https:\/\/ceramica-ch.ch\/fr\/wp-json\/wp\/v2\/posts"}],"about":[{"href":"https:\/\/ceramica-ch.ch\/fr\/wp-json\/wp\/v2\/types\/post"}],"author":[{"embeddable":true,"href":"https:\/\/ceramica-ch.ch\/fr\/wp-json\/wp\/v2\/users\/3"}],"replies":[{"embeddable":true,"href":"https:\/\/ceramica-ch.ch\/fr\/wp-json\/wp\/v2\/comments?post=10519"}],"version-history":[{"count":2,"href":"https:\/\/ceramica-ch.ch\/fr\/wp-json\/wp\/v2\/posts\/10519\/revisions"}],"predecessor-version":[{"id":10521,"href":"https:\/\/ceramica-ch.ch\/fr\/wp-json\/wp\/v2\/posts\/10519\/revisions\/10521"}],"wp:attachment":[{"href":"https:\/\/ceramica-ch.ch\/fr\/wp-json\/wp\/v2\/media?parent=10519"}],"wp:term":[{"taxonomy":"category","embeddable":true,"href":"https:\/\/ceramica-ch.ch\/fr\/wp-json\/wp\/v2\/categories?post=10519"},{"taxonomy":"post_tag","embeddable":true,"href":"https:\/\/ceramica-ch.ch\/fr\/wp-json\/wp\/v2\/tags?post=10519"}],"curies":[{"name":"wp","href":"https:\/\/api.w.org\/{rel}","templated":true}]}}