{"id":10533,"date":"2022-03-24T20:55:42","date_gmt":"2022-03-24T19:55:42","guid":{"rendered":"https:\/\/ceramica-ch.ch\/?p=10533"},"modified":"2022-03-24T20:55:44","modified_gmt":"2022-03-24T19:55:44","slug":"24-mars-2022","status":"publish","type":"post","link":"https:\/\/ceramica-ch.ch\/fr\/24-mars-2022\/","title":{"rendered":"24 mars 2022"},"content":{"rendered":"\n<p>Projet <a href=\"https:\/\/ceramica-ch.ch\/fr\/glossary\/blankenburg-be-abraham-marti-1718-1792\/#q=*%3A*\">Abraham Marti &#8211; C\u00e9ramiques de Blankenbourg, canton de Berne<\/a><\/p>\n\n\n\n<figure class=\"wp-block-image size-large\"><img loading=\"lazy\" decoding=\"async\" width=\"1022\" height=\"1024\" src=\"https:\/\/ceramica-ch.ch\/wp-content\/uploads\/PB-L_Marti-2022-1022x1024.jpg\" alt=\"\" class=\"wp-image-10527\" srcset=\"https:\/\/ceramica-ch.ch\/wp-content\/uploads\/PB-L_Marti-2022-1022x1024.jpg 1022w, https:\/\/ceramica-ch.ch\/wp-content\/uploads\/PB-L_Marti-2022-300x300.jpg 300w, https:\/\/ceramica-ch.ch\/wp-content\/uploads\/PB-L_Marti-2022-150x150.jpg 150w, https:\/\/ceramica-ch.ch\/wp-content\/uploads\/PB-L_Marti-2022-768x770.jpg 768w, https:\/\/ceramica-ch.ch\/wp-content\/uploads\/PB-L_Marti-2022-1533x1536.jpg 1533w, https:\/\/ceramica-ch.ch\/wp-content\/uploads\/PB-L_Marti-2022-2044x2048.jpg 2044w\" sizes=\"auto, (max-width: 1022px) 100vw, 1022px\" \/><\/figure>\n\n\n\n<p>Le recensement de la production c\u00e9ramique d\u2019Abraham Marti est presque termin\u00e9. 288 objets de cet important potier bernois ont pu \u00eatre recens\u00e9s et document\u00e9s ! Leur analyse scientifique et la r\u00e9daction du manuscrit ont commenc\u00e9. Mais la prise en consid\u00e9ration d\u2019informations tardives sont encore possibles. Vous poss\u00e9dez de la c\u00e9ramique de Marti ? Vous ne le saviez pas ? Comparez <a href=\"https:\/\/ceramica-ch.ch\/katalog\/#fq=hersteller-werkstatt%3A%22Marti%2C%20Abraham%2C%20Hafnerei%22&amp;q=*%3A*\" target=\"_blank\" rel=\"noreferrer noopener\">ici<\/a> vos c\u00e9ramiques avec celles authentifi\u00e9es de Marti. Si vous trouvez des concordances annoncez-vous en envoyant un email \u00e0 <a href=\"mailto:info@keramik-der-schweiz.ch\">info@keramik-der-schweiz.ch<\/a> afin qu\u2019elles puissent encore \u00eatre prises en consid\u00e9ration et document\u00e9es. Merci d\u2019avance\u00a0!<\/p>\n","protected":false},"excerpt":{"rendered":"<p>Projet Abraham Marti &#8211; C\u00e9ramiques de Blankenbourg, canton de Berne Le recensement de la production c\u00e9ramique d\u2019Abraham Marti est presque termin\u00e9. 288 objets de cet important potier bernois ont pu \u00eatre recens\u00e9s et document\u00e9s ! Leur analyse scientifique et la r\u00e9daction du manuscrit ont commenc\u00e9. Mais la prise en consid\u00e9ration d\u2019informations tardives sont encore possibles. &hellip; <a href=\"https:\/\/ceramica-ch.ch\/fr\/24-mars-2022\/\" class=\"more-link\">Continuer la lecture de <span class=\"screen-reader-text\">24 mars 2022<\/span> <span class=\"meta-nav\">&rarr;<\/span><\/a><\/p>\n","protected":false},"author":3,"featured_media":0,"comment_status":"closed","ping_status":"closed","sticky":false,"template":"","format":"standard","meta":{"footnotes":""},"categories":[5],"tags":[],"class_list":["post-10533","post","type-post","status-publish","format-standard","hentry","category-non-classifiee"],"_links":{"self":[{"href":"https:\/\/ceramica-ch.ch\/fr\/wp-json\/wp\/v2\/posts\/10533","targetHints":{"allow":["GET"]}}],"collection":[{"href":"https:\/\/ceramica-ch.ch\/fr\/wp-json\/wp\/v2\/posts"}],"about":[{"href":"https:\/\/ceramica-ch.ch\/fr\/wp-json\/wp\/v2\/types\/post"}],"author":[{"embeddable":true,"href":"https:\/\/ceramica-ch.ch\/fr\/wp-json\/wp\/v2\/users\/3"}],"replies":[{"embeddable":true,"href":"https:\/\/ceramica-ch.ch\/fr\/wp-json\/wp\/v2\/comments?post=10533"}],"version-history":[{"count":1,"href":"https:\/\/ceramica-ch.ch\/fr\/wp-json\/wp\/v2\/posts\/10533\/revisions"}],"predecessor-version":[{"id":10534,"href":"https:\/\/ceramica-ch.ch\/fr\/wp-json\/wp\/v2\/posts\/10533\/revisions\/10534"}],"wp:attachment":[{"href":"https:\/\/ceramica-ch.ch\/fr\/wp-json\/wp\/v2\/media?parent=10533"}],"wp:term":[{"taxonomy":"category","embeddable":true,"href":"https:\/\/ceramica-ch.ch\/fr\/wp-json\/wp\/v2\/categories?post=10533"},{"taxonomy":"post_tag","embeddable":true,"href":"https:\/\/ceramica-ch.ch\/fr\/wp-json\/wp\/v2\/tags?post=10533"}],"curies":[{"name":"wp","href":"https:\/\/api.w.org\/{rel}","templated":true}]}}