{"id":10609,"date":"2022-06-25T15:12:25","date_gmt":"2022-06-25T13:12:25","guid":{"rendered":"https:\/\/ceramica-ch.ch\/?p=10609"},"modified":"2022-06-25T15:12:27","modified_gmt":"2022-06-25T13:12:27","slug":"23-juin-2022","status":"publish","type":"post","link":"https:\/\/ceramica-ch.ch\/fr\/23-juin-2022\/","title":{"rendered":"23 juin 2022"},"content":{"rendered":"\n<figure class=\"wp-block-image size-large\"><img loading=\"lazy\" decoding=\"async\" width=\"600\" height=\"804\" src=\"https:\/\/ceramica-ch.ch\/wp-content\/uploads\/HMLU_11732.187_FotoAHe_03.jpg\" alt=\"\" class=\"wp-image-7450\" srcset=\"https:\/\/ceramica-ch.ch\/wp-content\/uploads\/HMLU_11732.187_FotoAHe_03.jpg 600w, https:\/\/ceramica-ch.ch\/wp-content\/uploads\/HMLU_11732.187_FotoAHe_03-224x300.jpg 224w\" sizes=\"auto, (max-width: 600px) 100vw, 600px\" \/><\/figure>\n\n\n\n<p><a href=\"https:\/\/ceramica-ch.ch\/fr\/glossary\/lucerne-cooperative-ceramiques-de-lucerne-1920-1925\/#q=*%3A*\" target=\"_blank\" rel=\"noreferrer noopener\"><strong>Lucerne, Coop\u00e9rative C\u00e9ramiques de Lucerne (1920-1925)<\/strong><\/a><\/p>\n\n\n\n<p>La traduction fran\u00e7aise est termin\u00e9e ! Vous y trouverez tout ce que vous avez toujours voulu savoir sur cette rare production c\u00e9ramique des ann\u00e9es 1920 et son contexte historique ! Bonne lecture&nbsp;!<\/p>\n\n\n\n<figure class=\"wp-block-image size-large\"><img loading=\"lazy\" decoding=\"async\" width=\"600\" height=\"402\" src=\"https:\/\/ceramica-ch.ch\/wp-content\/uploads\/HMLU_11732.785_FotoAHe_04.jpg\" alt=\"\" class=\"wp-image-7460\" srcset=\"https:\/\/ceramica-ch.ch\/wp-content\/uploads\/HMLU_11732.785_FotoAHe_04.jpg 600w, https:\/\/ceramica-ch.ch\/wp-content\/uploads\/HMLU_11732.785_FotoAHe_04-300x201.jpg 300w\" sizes=\"auto, (max-width: 600px) 100vw, 600px\" \/><\/figure>\n","protected":false},"excerpt":{"rendered":"<p>Lucerne, Coop\u00e9rative C\u00e9ramiques de Lucerne (1920-1925) La traduction fran\u00e7aise est termin\u00e9e ! Vous y trouverez tout ce que vous avez toujours voulu savoir sur cette rare production c\u00e9ramique des ann\u00e9es 1920 et son contexte historique ! Bonne lecture&nbsp;!<\/p>\n","protected":false},"author":3,"featured_media":0,"comment_status":"closed","ping_status":"closed","sticky":false,"template":"","format":"standard","meta":{"footnotes":""},"categories":[5],"tags":[],"class_list":["post-10609","post","type-post","status-publish","format-standard","hentry","category-non-classifiee"],"_links":{"self":[{"href":"https:\/\/ceramica-ch.ch\/fr\/wp-json\/wp\/v2\/posts\/10609","targetHints":{"allow":["GET"]}}],"collection":[{"href":"https:\/\/ceramica-ch.ch\/fr\/wp-json\/wp\/v2\/posts"}],"about":[{"href":"https:\/\/ceramica-ch.ch\/fr\/wp-json\/wp\/v2\/types\/post"}],"author":[{"embeddable":true,"href":"https:\/\/ceramica-ch.ch\/fr\/wp-json\/wp\/v2\/users\/3"}],"replies":[{"embeddable":true,"href":"https:\/\/ceramica-ch.ch\/fr\/wp-json\/wp\/v2\/comments?post=10609"}],"version-history":[{"count":1,"href":"https:\/\/ceramica-ch.ch\/fr\/wp-json\/wp\/v2\/posts\/10609\/revisions"}],"predecessor-version":[{"id":10610,"href":"https:\/\/ceramica-ch.ch\/fr\/wp-json\/wp\/v2\/posts\/10609\/revisions\/10610"}],"wp:attachment":[{"href":"https:\/\/ceramica-ch.ch\/fr\/wp-json\/wp\/v2\/media?parent=10609"}],"wp:term":[{"taxonomy":"category","embeddable":true,"href":"https:\/\/ceramica-ch.ch\/fr\/wp-json\/wp\/v2\/categories?post=10609"},{"taxonomy":"post_tag","embeddable":true,"href":"https:\/\/ceramica-ch.ch\/fr\/wp-json\/wp\/v2\/tags?post=10609"}],"curies":[{"name":"wp","href":"https:\/\/api.w.org\/{rel}","templated":true}]}}