{"id":10681,"date":"2022-09-10T15:55:03","date_gmt":"2022-09-10T13:55:03","guid":{"rendered":"https:\/\/ceramica-ch.ch\/?p=10681"},"modified":"2022-09-10T15:55:03","modified_gmt":"2022-09-10T13:55:03","slug":"31-aout-2022","status":"publish","type":"post","link":"https:\/\/ceramica-ch.ch\/fr\/31-aout-2022\/","title":{"rendered":"31 ao\u00fbt 2022"},"content":{"rendered":"<p>&nbsp;<\/p>\n<p><img loading=\"lazy\" decoding=\"async\" class=\"alignnone size-medium wp-image-10660\" src=\"https:\/\/ceramica-ch.ch\/wp-content\/uploads\/MTrub_426_FotoAndreasHeege_02-300x212.jpg\" alt=\"\" width=\"300\" height=\"212\" srcset=\"https:\/\/ceramica-ch.ch\/wp-content\/uploads\/MTrub_426_FotoAndreasHeege_02-300x212.jpg 300w, https:\/\/ceramica-ch.ch\/wp-content\/uploads\/MTrub_426_FotoAndreasHeege_02.jpg 600w\" sizes=\"auto, (max-width: 300px) 100vw, 300px\" \/> <img loading=\"lazy\" decoding=\"async\" class=\"alignnone size-medium wp-image-10662\" src=\"https:\/\/ceramica-ch.ch\/wp-content\/uploads\/MTrub_432_FotoAndreasHeege_01-300x275.jpg\" alt=\"\" width=\"300\" height=\"275\" srcset=\"https:\/\/ceramica-ch.ch\/wp-content\/uploads\/MTrub_432_FotoAndreasHeege_01-300x275.jpg 300w, https:\/\/ceramica-ch.ch\/wp-content\/uploads\/MTrub_432_FotoAndreasHeege_01.jpg 600w\" sizes=\"auto, (max-width: 300px) 100vw, 300px\" \/> <img loading=\"lazy\" decoding=\"async\" class=\"alignnone size-medium wp-image-10664\" src=\"https:\/\/ceramica-ch.ch\/wp-content\/uploads\/MTrub_457_FotoAndreasHeege_02-300x231.jpg\" alt=\"\" width=\"300\" height=\"231\" srcset=\"https:\/\/ceramica-ch.ch\/wp-content\/uploads\/MTrub_457_FotoAndreasHeege_02-300x231.jpg 300w, https:\/\/ceramica-ch.ch\/wp-content\/uploads\/MTrub_457_FotoAndreasHeege_02.jpg 600w\" sizes=\"auto, (max-width: 300px) 100vw, 300px\" \/> <img loading=\"lazy\" decoding=\"async\" class=\"alignnone size-medium wp-image-10666\" src=\"https:\/\/ceramica-ch.ch\/wp-content\/uploads\/MTrub_588_FotoAndreasHeege_02-300x232.jpg\" alt=\"\" width=\"300\" height=\"232\" srcset=\"https:\/\/ceramica-ch.ch\/wp-content\/uploads\/MTrub_588_FotoAndreasHeege_02-300x232.jpg 300w, https:\/\/ceramica-ch.ch\/wp-content\/uploads\/MTrub_588_FotoAndreasHeege_02.jpg 600w\" sizes=\"auto, (max-width: 300px) 100vw, 300px\" \/> <img loading=\"lazy\" decoding=\"async\" class=\"alignnone size-medium wp-image-10668\" src=\"https:\/\/ceramica-ch.ch\/wp-content\/uploads\/MTrub_608_FotoAndreasHeege_03-300x274.jpg\" alt=\"\" width=\"300\" height=\"274\" srcset=\"https:\/\/ceramica-ch.ch\/wp-content\/uploads\/MTrub_608_FotoAndreasHeege_03-300x274.jpg 300w, https:\/\/ceramica-ch.ch\/wp-content\/uploads\/MTrub_608_FotoAndreasHeege_03.jpg 600w\" sizes=\"auto, (max-width: 300px) 100vw, 300px\" \/> <img loading=\"lazy\" decoding=\"async\" class=\"alignnone size-medium wp-image-10670\" src=\"https:\/\/ceramica-ch.ch\/wp-content\/uploads\/MTrub_647_FotoAndreasHeege_02-300x297.jpg\" alt=\"\" width=\"300\" height=\"297\" srcset=\"https:\/\/ceramica-ch.ch\/wp-content\/uploads\/MTrub_647_FotoAndreasHeege_02-300x297.jpg 300w, https:\/\/ceramica-ch.ch\/wp-content\/uploads\/MTrub_647_FotoAndreasHeege_02-150x150.jpg 150w, https:\/\/ceramica-ch.ch\/wp-content\/uploads\/MTrub_647_FotoAndreasHeege_02.jpg 600w\" sizes=\"auto, (max-width: 300px) 100vw, 300px\" \/><\/p>\n<p>Les derni\u00e8res nouvelles du jour :<\/p>\n<p>Les <a href=\"https:\/\/ceramica-ch.ch\/katalog\/#fq=museum%3A%22Regionalmuseum%20Langnau%22&amp;q=*%3A*\">c\u00e9ramiques<\/a> du <a href=\"https:\/\/ceramica-ch.ch\/fr\/glossary\/musee-regional-de-langnau-rml\/#q=*%3A*\">mus\u00e9e r\u00e9gional de Langnau<\/a> et <a href=\"https:\/\/ceramica-ch.ch\/katalog\/#fq=museum%3A%22Heimatmuseum%20Trubschachen%2C%20Stiftung%20Hasenlehn%22&amp;q=*%3A*\">celles<\/a> du <a href=\"https:\/\/ceramica-ch.ch\/fr\/glossary\/musee-des-traditions-populaires-de-trubschachen-fondation-hasenlehn-mtrub\/#q=*%3A*\">mus\u00e9e des traditions populaires de Trubschachen<\/a> sont enti\u00e8rement en ligne !<\/p>\n<p>Nous en sommes tr\u00e8s heureux. Un grand merci aux collaborateurs des mus\u00e9es concern\u00e9s et \u00e0 Werner Preininger du Centre de recherche Joanneum \u00e0 Graz, en Autriche, pour avoir surmont\u00e9 et r\u00e9solu quelques probl\u00e8me informatiques.<\/p>\n","protected":false},"excerpt":{"rendered":"<p>&nbsp; Les derni\u00e8res nouvelles du jour : Les c\u00e9ramiques du mus\u00e9e r\u00e9gional de Langnau et celles du mus\u00e9e des traditions populaires de Trubschachen sont enti\u00e8rement en ligne ! Nous en sommes tr\u00e8s heureux. Un grand merci aux collaborateurs des mus\u00e9es concern\u00e9s et \u00e0 Werner Preininger du Centre de recherche Joanneum \u00e0 Graz, en Autriche, pour &hellip; <a href=\"https:\/\/ceramica-ch.ch\/fr\/31-aout-2022\/\" class=\"more-link\">Continuer la lecture de <span class=\"screen-reader-text\">31 ao\u00fbt 2022<\/span> <span class=\"meta-nav\">&rarr;<\/span><\/a><\/p>\n","protected":false},"author":3,"featured_media":0,"comment_status":"closed","ping_status":"closed","sticky":false,"template":"","format":"standard","meta":{"footnotes":""},"categories":[5],"tags":[],"class_list":["post-10681","post","type-post","status-publish","format-standard","hentry","category-non-classifiee"],"_links":{"self":[{"href":"https:\/\/ceramica-ch.ch\/fr\/wp-json\/wp\/v2\/posts\/10681","targetHints":{"allow":["GET"]}}],"collection":[{"href":"https:\/\/ceramica-ch.ch\/fr\/wp-json\/wp\/v2\/posts"}],"about":[{"href":"https:\/\/ceramica-ch.ch\/fr\/wp-json\/wp\/v2\/types\/post"}],"author":[{"embeddable":true,"href":"https:\/\/ceramica-ch.ch\/fr\/wp-json\/wp\/v2\/users\/3"}],"replies":[{"embeddable":true,"href":"https:\/\/ceramica-ch.ch\/fr\/wp-json\/wp\/v2\/comments?post=10681"}],"version-history":[{"count":1,"href":"https:\/\/ceramica-ch.ch\/fr\/wp-json\/wp\/v2\/posts\/10681\/revisions"}],"predecessor-version":[{"id":10682,"href":"https:\/\/ceramica-ch.ch\/fr\/wp-json\/wp\/v2\/posts\/10681\/revisions\/10682"}],"wp:attachment":[{"href":"https:\/\/ceramica-ch.ch\/fr\/wp-json\/wp\/v2\/media?parent=10681"}],"wp:term":[{"taxonomy":"category","embeddable":true,"href":"https:\/\/ceramica-ch.ch\/fr\/wp-json\/wp\/v2\/categories?post=10681"},{"taxonomy":"post_tag","embeddable":true,"href":"https:\/\/ceramica-ch.ch\/fr\/wp-json\/wp\/v2\/tags?post=10681"}],"curies":[{"name":"wp","href":"https:\/\/api.w.org\/{rel}","templated":true}]}}