{"id":12407,"date":"2022-11-01T21:22:10","date_gmt":"2022-11-01T20:22:10","guid":{"rendered":"https:\/\/ceramica-ch.ch\/?p=12407"},"modified":"2022-11-01T21:24:31","modified_gmt":"2022-11-01T20:24:31","slug":"1er-novembre-2022","status":"publish","type":"post","link":"https:\/\/ceramica-ch.ch\/fr\/1er-novembre-2022\/","title":{"rendered":"1er novembre 2022"},"content":{"rendered":"<p><img loading=\"lazy\" decoding=\"async\" class=\"alignnone wp-image-10954 size-full\" src=\"https:\/\/ceramica-ch.ch\/wp-content\/uploads\/RML_A710a_b_FotoAndreasHeege_07.jpg\" alt=\"\" width=\"600\" height=\"447\" srcset=\"https:\/\/ceramica-ch.ch\/wp-content\/uploads\/RML_A710a_b_FotoAndreasHeege_07.jpg 600w, https:\/\/ceramica-ch.ch\/wp-content\/uploads\/RML_A710a_b_FotoAndreasHeege_07-300x224.jpg 300w\" sizes=\"auto, (max-width: 600px) 100vw, 600px\" \/><\/p>\n<p>Anna M\u00fcller, fille d\u2019un pasteur de Grossh\u00f6chstetten, pr\u00e8s de Berne, fut l&rsquo;une des c\u00e9ramistes significatives de Suisse al\u00e9manique peu avant la Premi\u00e8re Guerre mondiale. Son histoire peut d\u00e9sormais \u00eatre lue en allemand et en fran\u00e7ais (voir ci-dessous). Les c\u00e9ramiques sign\u00e9es par Anna M\u00fcller sont rares. Rappelez-vous que CERAMICA CH (<a href=\"mailto:info@keramik-der-Schweiz.ch\" target=\"_blank\" rel=\"noopener\">info@keramik-der-Schweiz.ch<\/a>) re\u00e7oit toujours avec plaisir vos commentaires.<\/p>\n<blockquote class=\"wp-embedded-content\" data-secret=\"XtGsdt4pUZ\"><p><a href=\"https:\/\/ceramica-ch.ch\/glossary\/mueller-anna-grosshoechstetten\/\">M\u00fcller, Anna, Grossh\u00f6chstetten BE, Keramikerin<\/a><\/p><\/blockquote>\n<p><iframe loading=\"lazy\" class=\"wp-embedded-content\" sandbox=\"allow-scripts\" security=\"restricted\" style=\"position: absolute; clip: rect(1px, 1px, 1px, 1px);\" title=\"&#8222;M\u00fcller, Anna, Grossh\u00f6chstetten BE, Keramikerin&#8220; &#8212; CERAMICA CH\" src=\"https:\/\/ceramica-ch.ch\/glossary\/mueller-anna-grosshoechstetten\/embed\/#?secret=4AqCr1SjKq#?secret=XtGsdt4pUZ\" data-secret=\"XtGsdt4pUZ\" width=\"600\" height=\"338\" frameborder=\"0\" marginwidth=\"0\" marginheight=\"0\" scrolling=\"no\"><\/iframe><\/p>\n<blockquote class=\"wp-embedded-content\" data-secret=\"eUHXA8XvIo\"><p><a href=\"https:\/\/ceramica-ch.ch\/fr\/glossary\/mueller-anna-grosshoechstetten-canton-de-berne-ceramiste\/\">M\u00fcller, Anna, Grossh\u00f6chstetten, canton de Berne, c\u00e9ramiste<\/a><\/p><\/blockquote>\n<p><iframe loading=\"lazy\" class=\"wp-embedded-content\" sandbox=\"allow-scripts\" security=\"restricted\" style=\"position: absolute; clip: rect(1px, 1px, 1px, 1px);\" title=\"\u00ab\u00a0M\u00fcller, Anna, Grossh\u00f6chstetten, canton de Berne, c\u00e9ramiste\u00a0\u00bb &#8212; CERAMICA CH\" src=\"https:\/\/ceramica-ch.ch\/fr\/glossary\/mueller-anna-grosshoechstetten-canton-de-berne-ceramiste\/embed\/#?secret=C7Rzw7VPKm#?secret=eUHXA8XvIo\" data-secret=\"eUHXA8XvIo\" width=\"600\" height=\"338\" frameborder=\"0\" marginwidth=\"0\" marginheight=\"0\" scrolling=\"no\"><\/iframe><\/p>\n<p>&nbsp;<\/p>\n","protected":false},"excerpt":{"rendered":"<p>Anna M\u00fcller, fille d\u2019un pasteur de Grossh\u00f6chstetten, pr\u00e8s de Berne, fut l&rsquo;une des c\u00e9ramistes significatives de Suisse al\u00e9manique peu avant la Premi\u00e8re Guerre mondiale. Son histoire peut d\u00e9sormais \u00eatre lue en allemand et en fran\u00e7ais (voir ci-dessous). Les c\u00e9ramiques sign\u00e9es par Anna M\u00fcller sont rares. Rappelez-vous que CERAMICA CH (info@keramik-der-Schweiz.ch) re\u00e7oit toujours avec plaisir vos &hellip; <a href=\"https:\/\/ceramica-ch.ch\/fr\/1er-novembre-2022\/\" class=\"more-link\">Continuer la lecture de <span class=\"screen-reader-text\">1er novembre 2022<\/span> <span class=\"meta-nav\">&rarr;<\/span><\/a><\/p>\n","protected":false},"author":3,"featured_media":0,"comment_status":"closed","ping_status":"closed","sticky":false,"template":"","format":"standard","meta":{"footnotes":""},"categories":[5],"tags":[],"class_list":["post-12407","post","type-post","status-publish","format-standard","hentry","category-non-classifiee"],"_links":{"self":[{"href":"https:\/\/ceramica-ch.ch\/fr\/wp-json\/wp\/v2\/posts\/12407","targetHints":{"allow":["GET"]}}],"collection":[{"href":"https:\/\/ceramica-ch.ch\/fr\/wp-json\/wp\/v2\/posts"}],"about":[{"href":"https:\/\/ceramica-ch.ch\/fr\/wp-json\/wp\/v2\/types\/post"}],"author":[{"embeddable":true,"href":"https:\/\/ceramica-ch.ch\/fr\/wp-json\/wp\/v2\/users\/3"}],"replies":[{"embeddable":true,"href":"https:\/\/ceramica-ch.ch\/fr\/wp-json\/wp\/v2\/comments?post=12407"}],"version-history":[{"count":1,"href":"https:\/\/ceramica-ch.ch\/fr\/wp-json\/wp\/v2\/posts\/12407\/revisions"}],"predecessor-version":[{"id":12408,"href":"https:\/\/ceramica-ch.ch\/fr\/wp-json\/wp\/v2\/posts\/12407\/revisions\/12408"}],"wp:attachment":[{"href":"https:\/\/ceramica-ch.ch\/fr\/wp-json\/wp\/v2\/media?parent=12407"}],"wp:term":[{"taxonomy":"category","embeddable":true,"href":"https:\/\/ceramica-ch.ch\/fr\/wp-json\/wp\/v2\/categories?post=12407"},{"taxonomy":"post_tag","embeddable":true,"href":"https:\/\/ceramica-ch.ch\/fr\/wp-json\/wp\/v2\/tags?post=12407"}],"curies":[{"name":"wp","href":"https:\/\/api.w.org\/{rel}","templated":true}]}}