{"id":13469,"date":"2023-01-31T17:18:32","date_gmt":"2023-01-31T16:18:32","guid":{"rendered":"https:\/\/ceramica-ch.ch\/?p=13469"},"modified":"2023-01-31T17:18:32","modified_gmt":"2023-01-31T16:18:32","slug":"31-janvier-2023","status":"publish","type":"post","link":"https:\/\/ceramica-ch.ch\/fr\/31-janvier-2023\/","title":{"rendered":"31 janvier 2023"},"content":{"rendered":"<p><strong>Collection de la Fondation du ch\u00e2teau de Thoune<\/strong><\/p>\n<p><img loading=\"lazy\" decoding=\"async\" class=\"alignnone size-medium wp-image-13450\" src=\"https:\/\/ceramica-ch.ch\/wp-content\/uploads\/SST_13803-13832_Loder-Schweizer_FotoAndreasHeege_10-300x223.jpg\" alt=\"\" width=\"300\" height=\"223\" srcset=\"https:\/\/ceramica-ch.ch\/wp-content\/uploads\/SST_13803-13832_Loder-Schweizer_FotoAndreasHeege_10-300x223.jpg 300w, https:\/\/ceramica-ch.ch\/wp-content\/uploads\/SST_13803-13832_Loder-Schweizer_FotoAndreasHeege_10.jpg 600w\" sizes=\"auto, (max-width: 300px) 100vw, 300px\" \/> <img loading=\"lazy\" decoding=\"async\" class=\"alignnone size-medium wp-image-13453\" src=\"https:\/\/ceramica-ch.ch\/wp-content\/uploads\/SST_13803-13832_Loder-Schweizer_FotoAndreasHeege_06-300x205.jpg\" alt=\"\" width=\"300\" height=\"205\" srcset=\"https:\/\/ceramica-ch.ch\/wp-content\/uploads\/SST_13803-13832_Loder-Schweizer_FotoAndreasHeege_06-300x205.jpg 300w, https:\/\/ceramica-ch.ch\/wp-content\/uploads\/SST_13803-13832_Loder-Schweizer_FotoAndreasHeege_06.jpg 600w\" sizes=\"auto, (max-width: 300px) 100vw, 300px\" \/> <img loading=\"lazy\" decoding=\"async\" class=\"alignnone size-medium wp-image-13456\" src=\"https:\/\/ceramica-ch.ch\/wp-content\/uploads\/SST_13803-13832_Loder-Schweizer_FotoAndreasHeege_07-300x240.jpg\" alt=\"\" width=\"300\" height=\"240\" srcset=\"https:\/\/ceramica-ch.ch\/wp-content\/uploads\/SST_13803-13832_Loder-Schweizer_FotoAndreasHeege_07-300x240.jpg 300w, https:\/\/ceramica-ch.ch\/wp-content\/uploads\/SST_13803-13832_Loder-Schweizer_FotoAndreasHeege_07.jpg 600w\" sizes=\"auto, (max-width: 300px) 100vw, 300px\" \/> <img loading=\"lazy\" decoding=\"async\" class=\"alignnone size-medium wp-image-13459\" src=\"https:\/\/ceramica-ch.ch\/wp-content\/uploads\/SST_13803-13832_Loder-Schweizer_FotoAndreasHeege_08-300x195.jpg\" alt=\"\" width=\"300\" height=\"195\" srcset=\"https:\/\/ceramica-ch.ch\/wp-content\/uploads\/SST_13803-13832_Loder-Schweizer_FotoAndreasHeege_08-300x195.jpg 300w, https:\/\/ceramica-ch.ch\/wp-content\/uploads\/SST_13803-13832_Loder-Schweizer_FotoAndreasHeege_08.jpg 600w\" sizes=\"auto, (max-width: 300px) 100vw, 300px\" \/> <img loading=\"lazy\" decoding=\"async\" class=\"alignnone size-medium wp-image-13462\" src=\"https:\/\/ceramica-ch.ch\/wp-content\/uploads\/SST_13803-13832_Loder-Schweizer_FotoAndreasHeege_09-300x171.jpg\" alt=\"\" width=\"300\" height=\"171\" srcset=\"https:\/\/ceramica-ch.ch\/wp-content\/uploads\/SST_13803-13832_Loder-Schweizer_FotoAndreasHeege_09-300x171.jpg 300w, https:\/\/ceramica-ch.ch\/wp-content\/uploads\/SST_13803-13832_Loder-Schweizer_FotoAndreasHeege_09.jpg 600w\" sizes=\"auto, (max-width: 300px) 100vw, 300px\" \/> <img loading=\"lazy\" decoding=\"async\" class=\"alignnone size-medium wp-image-13465\" src=\"https:\/\/ceramica-ch.ch\/wp-content\/uploads\/SST_13803-13832_Loder-Schweizer_FotoAndreasHeege_05-300x285.jpg\" alt=\"\" width=\"300\" height=\"285\" srcset=\"https:\/\/ceramica-ch.ch\/wp-content\/uploads\/SST_13803-13832_Loder-Schweizer_FotoAndreasHeege_05-300x285.jpg 300w, https:\/\/ceramica-ch.ch\/wp-content\/uploads\/SST_13803-13832_Loder-Schweizer_FotoAndreasHeege_05.jpg 600w\" sizes=\"auto, (max-width: 300px) 100vw, 300px\" \/><\/p>\n<p>Le travail d\u2019inventaire sur la collection de la <a href=\"https:\/\/ceramica-ch.ch\/fr\/glossary\/musee-du-chateau-de-thoune-fondation-du-chateau-de-thoune-canton-de-berne-smt\/#q=*%3A*\" target=\"_blank\" rel=\"noopener\">Fondation du ch\u00e2teau de Thoune<\/a> a d\u00e9but\u00e9. Nous avons commenc\u00e9 par les c\u00e9ramiques d&rsquo;Emil Loder et d&rsquo;Adolf Schweizer, qui ont produit ensemble de 1919 \u00e0 d\u00e9but 1925 dans l&rsquo;ancienne usine de c\u00e9ramique Wanzenried \u00e0 Steffisbourg. Un superbe ensemble c\u00e9ramique comme aucun autre mus\u00e9e suisse n&rsquo;en poss\u00e8de.<\/p>\n<p>Voil\u00e0 le <a href=\"https:\/\/ceramica-ch.ch\/fr\/glossary\/heimberg-steffisbourg-canton-de-berne-loder-schweizer-1919-1925\/#q=*%3A*\">lien<\/a> pour en apprendre plus sur l&rsquo;histoire de l&rsquo;entreprise Loder et Schweizer.<\/p>\n","protected":false},"excerpt":{"rendered":"<p>Collection de la Fondation du ch\u00e2teau de Thoune Le travail d\u2019inventaire sur la collection de la Fondation du ch\u00e2teau de Thoune a d\u00e9but\u00e9. Nous avons commenc\u00e9 par les c\u00e9ramiques d&rsquo;Emil Loder et d&rsquo;Adolf Schweizer, qui ont produit ensemble de 1919 \u00e0 d\u00e9but 1925 dans l&rsquo;ancienne usine de c\u00e9ramique Wanzenried \u00e0 Steffisbourg. Un superbe ensemble c\u00e9ramique &hellip; <a href=\"https:\/\/ceramica-ch.ch\/fr\/31-janvier-2023\/\" class=\"more-link\">Continuer la lecture de <span class=\"screen-reader-text\">31 janvier 2023<\/span> <span class=\"meta-nav\">&rarr;<\/span><\/a><\/p>\n","protected":false},"author":3,"featured_media":0,"comment_status":"closed","ping_status":"closed","sticky":false,"template":"","format":"standard","meta":{"footnotes":""},"categories":[5],"tags":[],"class_list":["post-13469","post","type-post","status-publish","format-standard","hentry","category-non-classifiee"],"_links":{"self":[{"href":"https:\/\/ceramica-ch.ch\/fr\/wp-json\/wp\/v2\/posts\/13469","targetHints":{"allow":["GET"]}}],"collection":[{"href":"https:\/\/ceramica-ch.ch\/fr\/wp-json\/wp\/v2\/posts"}],"about":[{"href":"https:\/\/ceramica-ch.ch\/fr\/wp-json\/wp\/v2\/types\/post"}],"author":[{"embeddable":true,"href":"https:\/\/ceramica-ch.ch\/fr\/wp-json\/wp\/v2\/users\/3"}],"replies":[{"embeddable":true,"href":"https:\/\/ceramica-ch.ch\/fr\/wp-json\/wp\/v2\/comments?post=13469"}],"version-history":[{"count":1,"href":"https:\/\/ceramica-ch.ch\/fr\/wp-json\/wp\/v2\/posts\/13469\/revisions"}],"predecessor-version":[{"id":13470,"href":"https:\/\/ceramica-ch.ch\/fr\/wp-json\/wp\/v2\/posts\/13469\/revisions\/13470"}],"wp:attachment":[{"href":"https:\/\/ceramica-ch.ch\/fr\/wp-json\/wp\/v2\/media?parent=13469"}],"wp:term":[{"taxonomy":"category","embeddable":true,"href":"https:\/\/ceramica-ch.ch\/fr\/wp-json\/wp\/v2\/categories?post=13469"},{"taxonomy":"post_tag","embeddable":true,"href":"https:\/\/ceramica-ch.ch\/fr\/wp-json\/wp\/v2\/tags?post=13469"}],"curies":[{"name":"wp","href":"https:\/\/api.w.org\/{rel}","templated":true}]}}