{"id":14430,"date":"2023-05-29T22:26:39","date_gmt":"2023-05-29T20:26:39","guid":{"rendered":"https:\/\/ceramica-ch.ch\/?p=14430"},"modified":"2023-05-29T22:26:39","modified_gmt":"2023-05-29T20:26:39","slug":"25-mai-2023","status":"publish","type":"post","link":"https:\/\/ceramica-ch.ch\/fr\/25-mai-2023\/","title":{"rendered":"25 mai 2023"},"content":{"rendered":"<p><img loading=\"lazy\" decoding=\"async\" class=\"alignnone wp-image-10256 size-full\" src=\"https:\/\/ceramica-ch.ch\/wp-content\/uploads\/MAG_AR932_Foto-Mauro-Magliani_2016_01-1.jpg\" alt=\"\" width=\"592\" height=\"600\" srcset=\"https:\/\/ceramica-ch.ch\/wp-content\/uploads\/MAG_AR932_Foto-Mauro-Magliani_2016_01-1.jpg 592w, https:\/\/ceramica-ch.ch\/wp-content\/uploads\/MAG_AR932_Foto-Mauro-Magliani_2016_01-1-296x300.jpg 296w\" sizes=\"auto, (max-width: 592px) 100vw, 592px\" \/> <img loading=\"lazy\" decoding=\"async\" class=\"alignnone wp-image-10258 \" src=\"https:\/\/ceramica-ch.ch\/wp-content\/uploads\/MAG_AR906_Foto-Mauro-Magliani_2016_01-1.jpg\" alt=\"\" width=\"591\" height=\"575\" srcset=\"https:\/\/ceramica-ch.ch\/wp-content\/uploads\/MAG_AR906_Foto-Mauro-Magliani_2016_01-1.jpg 600w, https:\/\/ceramica-ch.ch\/wp-content\/uploads\/MAG_AR906_Foto-Mauro-Magliani_2016_01-1-300x292.jpg 300w\" sizes=\"auto, (max-width: 591px) 100vw, 591px\" \/><\/p>\n<h5><strong>Abraham Marti (1718-1792), un potier du pays bernois ! Le livre est paru !<\/strong><\/h5>\n<p>Tout ce que vous avez toujours voulu savoir sur <a href=\"https:\/\/ceramica-ch.ch\/fr\/glossary\/blankenburg-be-abraham-marti-1718-1792\/#q=*%3A*\" target=\"_blank\" rel=\"noopener\">Abraham Marti<\/a> (et bien plus encore) sans n\u2019avoir jamais os\u00e9 le demander, vous pouvez le lire maintenant. Le livre, qui contient un catalogue complet des \u0153uvres, est l\u2019aboutissement d\u2019un projet de la Fondation du ch\u00e2teau de Blankenbourg en collaboration avec la Fondation CERAMICA \u00e0 B\u00e2le, le Mus\u00e9e d\u2019Histoire de Berne, le Mus\u00e9e national suisse, le Mus\u00e9e Ariana \u00e0 Gen\u00e8ve, le Mus\u00e9e du ch\u00e2teau de Thoune, la <a href=\"https:\/\/ceramica-ch.ch\/fr\/glossary\/blankenburg-be-abraham-marti-1718-1792\/#q=*%3A*\" target=\"_blank\" rel=\"noopener\">Salle de l\u2019Association des chevaliers<\/a> (RSB) \u00e0 Berthoud et de nombreux autres mus\u00e9es et collections priv\u00e9es. Un grand merci \u00e0 tous les soutiens et les sponsors ainsi qu&rsquo;\u00e0 toutes les fondations et institutions qui ont contribu\u00e9 \u00e0 la r\u00e9ussite de ce livre. Un grand merci en particulier \u00e0 Max St\u00f6ckli, Artmax et Schwarzenburg, pour la belle mise en page et \u00e0 l&rsquo;imprimerie Galledia \u00e0 Flawil, pour l\u2019impression fort r\u00e9ussie.<\/p>\n<p><a href=\"https:\/\/ceramica-ch.ch\/wp-content\/uploads\/SchriftBHM_Band16_Bestellflyer_2_Mail.pdf\" target=\"_blank\" rel=\"noopener\">Brochure pour la commande et autres informations<\/a>.<\/p>\n","protected":false},"excerpt":{"rendered":"<p>Abraham Marti (1718-1792), un potier du pays bernois ! Le livre est paru ! Tout ce que vous avez toujours voulu savoir sur Abraham Marti (et bien plus encore) sans n\u2019avoir jamais os\u00e9 le demander, vous pouvez le lire maintenant. Le livre, qui contient un catalogue complet des \u0153uvres, est l\u2019aboutissement d\u2019un projet de la &hellip; <a href=\"https:\/\/ceramica-ch.ch\/fr\/25-mai-2023\/\" class=\"more-link\">Continuer la lecture de <span class=\"screen-reader-text\">25 mai 2023<\/span> <span class=\"meta-nav\">&rarr;<\/span><\/a><\/p>\n","protected":false},"author":3,"featured_media":0,"comment_status":"closed","ping_status":"closed","sticky":false,"template":"","format":"standard","meta":{"footnotes":""},"categories":[5],"tags":[],"class_list":["post-14430","post","type-post","status-publish","format-standard","hentry","category-non-classifiee"],"_links":{"self":[{"href":"https:\/\/ceramica-ch.ch\/fr\/wp-json\/wp\/v2\/posts\/14430","targetHints":{"allow":["GET"]}}],"collection":[{"href":"https:\/\/ceramica-ch.ch\/fr\/wp-json\/wp\/v2\/posts"}],"about":[{"href":"https:\/\/ceramica-ch.ch\/fr\/wp-json\/wp\/v2\/types\/post"}],"author":[{"embeddable":true,"href":"https:\/\/ceramica-ch.ch\/fr\/wp-json\/wp\/v2\/users\/3"}],"replies":[{"embeddable":true,"href":"https:\/\/ceramica-ch.ch\/fr\/wp-json\/wp\/v2\/comments?post=14430"}],"version-history":[{"count":1,"href":"https:\/\/ceramica-ch.ch\/fr\/wp-json\/wp\/v2\/posts\/14430\/revisions"}],"predecessor-version":[{"id":14431,"href":"https:\/\/ceramica-ch.ch\/fr\/wp-json\/wp\/v2\/posts\/14430\/revisions\/14431"}],"wp:attachment":[{"href":"https:\/\/ceramica-ch.ch\/fr\/wp-json\/wp\/v2\/media?parent=14430"}],"wp:term":[{"taxonomy":"category","embeddable":true,"href":"https:\/\/ceramica-ch.ch\/fr\/wp-json\/wp\/v2\/categories?post=14430"},{"taxonomy":"post_tag","embeddable":true,"href":"https:\/\/ceramica-ch.ch\/fr\/wp-json\/wp\/v2\/tags?post=14430"}],"curies":[{"name":"wp","href":"https:\/\/api.w.org\/{rel}","templated":true}]}}