{"id":14577,"date":"2023-06-18T10:14:19","date_gmt":"2023-06-18T08:14:19","guid":{"rendered":"https:\/\/ceramica-ch.ch\/?p=14577"},"modified":"2023-06-18T10:25:50","modified_gmt":"2023-06-18T08:25:50","slug":"16-juin-2023","status":"publish","type":"post","link":"https:\/\/ceramica-ch.ch\/fr\/16-juin-2023\/","title":{"rendered":"16 juin 2023"},"content":{"rendered":"<h4><img loading=\"lazy\" decoding=\"async\" class=\"alignnone wp-image-14558 size-full\" src=\"https:\/\/ceramica-ch.ch\/wp-content\/uploads\/CFMH_K_0237_Foto_Maximilian_Scherrer_01.jpg\" alt=\"\" width=\"600\" height=\"481\" srcset=\"https:\/\/ceramica-ch.ch\/wp-content\/uploads\/CFMH_K_0237_Foto_Maximilian_Scherrer_01.jpg 600w, https:\/\/ceramica-ch.ch\/wp-content\/uploads\/CFMH_K_0237_Foto_Maximilian_Scherrer_01-300x241.jpg 300w\" sizes=\"auto, (max-width: 600px) 100vw, 600px\" \/> <img loading=\"lazy\" decoding=\"async\" class=\"alignnone size-medium wp-image-14561\" src=\"https:\/\/ceramica-ch.ch\/wp-content\/uploads\/CFMH_K_0239_Foto_Maximilian_Scherrer_01-300x277.jpg\" alt=\"\" width=\"300\" height=\"277\" srcset=\"https:\/\/ceramica-ch.ch\/wp-content\/uploads\/CFMH_K_0239_Foto_Maximilian_Scherrer_01-300x277.jpg 300w, https:\/\/ceramica-ch.ch\/wp-content\/uploads\/CFMH_K_0239_Foto_Maximilian_Scherrer_01.jpg 600w\" sizes=\"auto, (max-width: 300px) 100vw, 300px\" \/> <img loading=\"lazy\" decoding=\"async\" class=\"alignnone wp-image-14564\" src=\"https:\/\/ceramica-ch.ch\/wp-content\/uploads\/CFMH_K_0240_Foto_Maximiilian_Scherrer_01-300x290.jpg\" alt=\"\" width=\"299\" height=\"289\" srcset=\"https:\/\/ceramica-ch.ch\/wp-content\/uploads\/CFMH_K_0240_Foto_Maximiilian_Scherrer_01-300x290.jpg 300w, https:\/\/ceramica-ch.ch\/wp-content\/uploads\/CFMH_K_0240_Foto_Maximiilian_Scherrer_01.jpg 600w\" sizes=\"auto, (max-width: 299px) 100vw, 299px\" \/> <img loading=\"lazy\" decoding=\"async\" class=\"alignnone wp-image-14567 size-full\" src=\"https:\/\/ceramica-ch.ch\/wp-content\/uploads\/CFMH_K_0241_Foto_Maximilian_Scherrer_01.jpg\" alt=\"\" width=\"600\" height=\"592\" srcset=\"https:\/\/ceramica-ch.ch\/wp-content\/uploads\/CFMH_K_0241_Foto_Maximilian_Scherrer_01.jpg 600w, https:\/\/ceramica-ch.ch\/wp-content\/uploads\/CFMH_K_0241_Foto_Maximilian_Scherrer_01-300x296.jpg 300w\" sizes=\"auto, (max-width: 600px) 100vw, 600px\" \/><\/h4>\n<h4><strong>C\u00e9ramiques de la Manufacture de porcelaine de Zurich (1763-1790)<\/strong><\/h4>\n<p>Aujourd&rsquo;hui est un grand jour! Le projet de coop\u00e9ration avec la <a href=\"https:\/\/ceramica-ch.ch\/fr\/glossary\/kilchberg-conrad-ferdinand-meyer-haus-cfmh\/#q=*%3A*\" target=\"_blank\" rel=\"noopener\">Maison Conrad-Ferdinand Meyer<\/a> \u00e0 Kilchberg-Schooren a atteint son premier objectif ! Pr\u00e8s de 600 porcelaines issues de la production de la Manufacture de porcelaine de Zurich ont pu \u00eatre inventori\u00e9es et sont d\u00e9sormais disponibles en ligne sur CERAMICA CH :<\/p>\n<p><a href=\"https:\/\/ceramica-ch.ch\/fr\/inventaire-et-banque-dimages\/#fq=musee%3A%22Kilchberg%2C%20Maison%20Conrad%20Ferdinand%20Meyer%22&amp;q=*%3A*\" target=\"_blank\" rel=\"noopener\"><strong>C\u00e9ramiques de la Maison Conrad Ferdinand Meyer dans CERAMICA CH<\/strong><\/a><\/p>\n<p>Cette documentation en ligne permet de mieux comprendre et de faire des recherches approfondies sur la <a href=\"https:\/\/ceramica-ch.ch\/fr\/glossary\/kilchberg-schooren-canton-de-zurich-manufacture-de-porcelaine-1763-1790\/#q=*%3A*\" target=\"_blank\" rel=\"noopener\">Manufacture de porcelaine<\/a> la plus ancienne et significative de Suisse gr\u00e2ce \u00e0 CERAMICA CH. Cela ne peut \u00e9videmment pas remplacer une visite au <a href=\"https:\/\/ceramica-ch.ch\/fr\/glossary\/kilchberg-conrad-ferdinand-meyer-haus-cfmh\/#q=*%3A*\" target=\"_blank\" rel=\"noopener\">Mus\u00e9e de la porcelaine \u00e0 Kilchberg-Schooren<\/a>, canton de Zurich, \u00a0mais les images permettent de se forger une bonne impression de la qualit\u00e9 artistique exceptionnelle des produits zurichois. Je remercie chaleureusement la Fondation de la Maison Conrad-Ferdinand Meyer \u00e0 Kilchberg et en particulier \u00e0 Elisabeth Lott, Franziska Mathis-Bashar et Maximilian Scherrer.<\/p>\n","protected":false},"excerpt":{"rendered":"<p>C\u00e9ramiques de la Manufacture de porcelaine de Zurich (1763-1790) Aujourd&rsquo;hui est un grand jour! Le projet de coop\u00e9ration avec la Maison Conrad-Ferdinand Meyer \u00e0 Kilchberg-Schooren a atteint son premier objectif ! Pr\u00e8s de 600 porcelaines issues de la production de la Manufacture de porcelaine de Zurich ont pu \u00eatre inventori\u00e9es et sont d\u00e9sormais disponibles en &hellip; <a href=\"https:\/\/ceramica-ch.ch\/fr\/16-juin-2023\/\" class=\"more-link\">Continuer la lecture de <span class=\"screen-reader-text\">16 juin 2023<\/span> <span class=\"meta-nav\">&rarr;<\/span><\/a><\/p>\n","protected":false},"author":3,"featured_media":0,"comment_status":"closed","ping_status":"closed","sticky":false,"template":"","format":"standard","meta":{"footnotes":""},"categories":[5],"tags":[],"class_list":["post-14577","post","type-post","status-publish","format-standard","hentry","category-non-classifiee"],"_links":{"self":[{"href":"https:\/\/ceramica-ch.ch\/fr\/wp-json\/wp\/v2\/posts\/14577","targetHints":{"allow":["GET"]}}],"collection":[{"href":"https:\/\/ceramica-ch.ch\/fr\/wp-json\/wp\/v2\/posts"}],"about":[{"href":"https:\/\/ceramica-ch.ch\/fr\/wp-json\/wp\/v2\/types\/post"}],"author":[{"embeddable":true,"href":"https:\/\/ceramica-ch.ch\/fr\/wp-json\/wp\/v2\/users\/3"}],"replies":[{"embeddable":true,"href":"https:\/\/ceramica-ch.ch\/fr\/wp-json\/wp\/v2\/comments?post=14577"}],"version-history":[{"count":2,"href":"https:\/\/ceramica-ch.ch\/fr\/wp-json\/wp\/v2\/posts\/14577\/revisions"}],"predecessor-version":[{"id":14580,"href":"https:\/\/ceramica-ch.ch\/fr\/wp-json\/wp\/v2\/posts\/14577\/revisions\/14580"}],"wp:attachment":[{"href":"https:\/\/ceramica-ch.ch\/fr\/wp-json\/wp\/v2\/media?parent=14577"}],"wp:term":[{"taxonomy":"category","embeddable":true,"href":"https:\/\/ceramica-ch.ch\/fr\/wp-json\/wp\/v2\/categories?post=14577"},{"taxonomy":"post_tag","embeddable":true,"href":"https:\/\/ceramica-ch.ch\/fr\/wp-json\/wp\/v2\/tags?post=14577"}],"curies":[{"name":"wp","href":"https:\/\/api.w.org\/{rel}","templated":true}]}}