{"id":17857,"date":"2023-07-19T14:21:20","date_gmt":"2023-07-19T12:21:20","guid":{"rendered":"https:\/\/ceramica-ch.ch\/?p=17857"},"modified":"2023-07-19T14:22:00","modified_gmt":"2023-07-19T12:22:00","slug":"16-juillet-2023","status":"publish","type":"post","link":"https:\/\/ceramica-ch.ch\/fr\/16-juillet-2023\/","title":{"rendered":"16 juillet 2023"},"content":{"rendered":"<p><img loading=\"lazy\" decoding=\"async\" class=\"alignnone wp-image-16017 size-full\" src=\"https:\/\/ceramica-ch.ch\/wp-content\/uploads\/Heimberg_ToepfereiFritzHaenni_05-scaled.jpg\" alt=\"\" width=\"2560\" height=\"1830\" srcset=\"https:\/\/ceramica-ch.ch\/wp-content\/uploads\/Heimberg_ToepfereiFritzHaenni_05-scaled.jpg 2560w, https:\/\/ceramica-ch.ch\/wp-content\/uploads\/Heimberg_ToepfereiFritzHaenni_05-300x214.jpg 300w, https:\/\/ceramica-ch.ch\/wp-content\/uploads\/Heimberg_ToepfereiFritzHaenni_05-1024x732.jpg 1024w, https:\/\/ceramica-ch.ch\/wp-content\/uploads\/Heimberg_ToepfereiFritzHaenni_05-768x549.jpg 768w, https:\/\/ceramica-ch.ch\/wp-content\/uploads\/Heimberg_ToepfereiFritzHaenni_05-1536x1098.jpg 1536w, https:\/\/ceramica-ch.ch\/wp-content\/uploads\/Heimberg_ToepfereiFritzHaenni_05-2048x1464.jpg 2048w\" sizes=\"auto, (max-width: 2560px) 100vw, 2560px\" \/><\/p>\n<p>Un inventaire c\u00e9ramique de qualit\u00e9 n\u00e9cessite des donn\u00e9es de qualit\u00e9 ! Nous sommes heureux de pouvoir maintenant pr\u00e9senter les donn\u00e9es g\u00e9n\u00e9alogiques de tous les potiers connus dans les communes bernoises de Heimberg et Steffisbourg, ainsi que l&#8217;emplacement des parcelles cadastrales occup\u00e9es par ces potiers. Andreas Kistler, qui habite dans la commune bernoises de B\u00e4riswil, \u00e0 une trentaine de km au nord de Heimberg, \u00a0a travaill\u00e9 pendant plusieurs ann\u00e9es \u00e0 cette compilation fondamentale bas\u00e9e sur des archives et peut \u00eatre fier de la transmettre ici \u00e0 tous les amateurs s\u2019int\u00e9ressant \u00e0 la c\u00e9ramique suisse et bernoise en particulier. Un grand merci pour ce travail b\u00e9n\u00e9vole exceptionnel, cher Andreas!<\/p>\n<p><a href=\"https:\/\/ceramica-ch.ch\/fr\/glossary\/heimberg-steffisbourg-canton-de-berne-liste-des-parcelles-cadastrales-occupees-par-des-potiers\/#q=*%3A*\" target=\"_blank\" rel=\"noopener\"><strong>Heimberg-Steffisbourg, canton de Berne, liste des parcelles cadastrales occup\u00e9es par des potiers<\/strong><\/a><\/p>\n<p><a href=\"https:\/\/ceramica-ch.ch\/fr\/glossary\/parcelles-cadastrales-occupees-par-des-potiers-toujours-dans-lordre-suivant-adresse-tableau-des-proprietaires-en-allemand-besitzertabelle\/#q=*%3A*\" target=\"_blank\" rel=\"noopener\"><strong>Heimberg-Steffisbourg, canton de Berne, liste des familles de potiers<\/strong><\/a><\/p>\n<p>On peut admirer <a href=\"https:\/\/ceramica-ch.ch\/katalog\/#fq=herstellungsort%3AHeimberg-Steffisburg&amp;q=*%3A*\" target=\"_blank\" rel=\"noopener\">ici<\/a> ce que les potiers de Heimberg et de Steffisbourg ont fabriqu\u00e9 entre 1780 et 1950 environ.<\/p>\n","protected":false},"excerpt":{"rendered":"<p>Un inventaire c\u00e9ramique de qualit\u00e9 n\u00e9cessite des donn\u00e9es de qualit\u00e9 ! Nous sommes heureux de pouvoir maintenant pr\u00e9senter les donn\u00e9es g\u00e9n\u00e9alogiques de tous les potiers connus dans les communes bernoises de Heimberg et Steffisbourg, ainsi que l&#8217;emplacement des parcelles cadastrales occup\u00e9es par ces potiers. Andreas Kistler, qui habite dans la commune bernoises de B\u00e4riswil, \u00e0 &hellip; <a href=\"https:\/\/ceramica-ch.ch\/fr\/16-juillet-2023\/\" class=\"more-link\">Continuer la lecture de <span class=\"screen-reader-text\">16 juillet 2023<\/span> <span class=\"meta-nav\">&rarr;<\/span><\/a><\/p>\n","protected":false},"author":3,"featured_media":0,"comment_status":"closed","ping_status":"closed","sticky":false,"template":"","format":"standard","meta":{"footnotes":""},"categories":[5],"tags":[],"class_list":["post-17857","post","type-post","status-publish","format-standard","hentry","category-non-classifiee"],"_links":{"self":[{"href":"https:\/\/ceramica-ch.ch\/fr\/wp-json\/wp\/v2\/posts\/17857","targetHints":{"allow":["GET"]}}],"collection":[{"href":"https:\/\/ceramica-ch.ch\/fr\/wp-json\/wp\/v2\/posts"}],"about":[{"href":"https:\/\/ceramica-ch.ch\/fr\/wp-json\/wp\/v2\/types\/post"}],"author":[{"embeddable":true,"href":"https:\/\/ceramica-ch.ch\/fr\/wp-json\/wp\/v2\/users\/3"}],"replies":[{"embeddable":true,"href":"https:\/\/ceramica-ch.ch\/fr\/wp-json\/wp\/v2\/comments?post=17857"}],"version-history":[{"count":1,"href":"https:\/\/ceramica-ch.ch\/fr\/wp-json\/wp\/v2\/posts\/17857\/revisions"}],"predecessor-version":[{"id":17858,"href":"https:\/\/ceramica-ch.ch\/fr\/wp-json\/wp\/v2\/posts\/17857\/revisions\/17858"}],"wp:attachment":[{"href":"https:\/\/ceramica-ch.ch\/fr\/wp-json\/wp\/v2\/media?parent=17857"}],"wp:term":[{"taxonomy":"category","embeddable":true,"href":"https:\/\/ceramica-ch.ch\/fr\/wp-json\/wp\/v2\/categories?post=17857"},{"taxonomy":"post_tag","embeddable":true,"href":"https:\/\/ceramica-ch.ch\/fr\/wp-json\/wp\/v2\/tags?post=17857"}],"curies":[{"name":"wp","href":"https:\/\/api.w.org\/{rel}","templated":true}]}}