{"id":6227,"date":"2020-06-04T18:24:44","date_gmt":"2020-06-04T16:24:44","guid":{"rendered":"https:\/\/culture-catalogweb.joanneum.at\/?p=6227"},"modified":"2020-06-04T18:24:49","modified_gmt":"2020-06-04T16:24:49","slug":"juin-2020","status":"publish","type":"post","link":"https:\/\/ceramica-ch.ch\/fr\/juin-2020\/","title":{"rendered":"Juin 2020"},"content":{"rendered":"\n<figure class=\"wp-block-image size-large\"><img loading=\"lazy\" decoding=\"async\" width=\"800\" height=\"500\" src=\"https:\/\/culture-catalogweb.joanneum.at\/wp-content\/uploads\/MRS_1986.324-327-328_FotoAndreasHeege_01-1.jpg\" alt=\"\" class=\"wp-image-6215\" srcset=\"https:\/\/ceramica-ch.ch\/wp-content\/uploads\/MRS_1986.324-327-328_FotoAndreasHeege_01-1.jpg 800w, https:\/\/ceramica-ch.ch\/wp-content\/uploads\/MRS_1986.324-327-328_FotoAndreasHeege_01-1-300x188.jpg 300w, https:\/\/ceramica-ch.ch\/wp-content\/uploads\/MRS_1986.324-327-328_FotoAndreasHeege_01-1-768x480.jpg 768w\" sizes=\"auto, (max-width: 800px) 100vw, 800px\" \/><\/figure>\n\n\n\n<p>Le travail d&rsquo;inventaire reprend apr\u00e8s le semi-confinement et les semaines de t\u00e9l\u00e9travail. Le premier mus\u00e9e qui va \u00eatre inventori\u00e9 en juin est le <a href=\"http:\/\/www.museumregiunal.ch\/aktuelles.5.0.html\" target=\"_blank\" rel=\"noreferrer noopener\">Mus\u00e9e r\u00e9gional<\/a> de la <a href=\"https:\/\/hls-dhs-dss.ch\/fr\/articles\/008084\/2012-07-25\/\" target=\"_blank\" rel=\"noreferrer noopener\">Surselva<\/a> \u00e0 <a href=\"https:\/\/hls-dhs-dss.ch\/fr\/articles\/001437\/2016-12-07\/\" target=\"_blank\" rel=\"noreferrer noopener\">Ilanz<\/a>, dans le canton des Grisons. Dans ce Mus\u00e9e, plus de 300 objets attendent d&rsquo;\u00eatre inventori\u00e9s. Si vous le souhaitez, vous pouvez passer me voir au travail. <\/p>\n\n\n\n<p>Vous souhaitez en savoir plus sur nos activit\u00e9s de fa\u00e7on r\u00e9guli\u00e8re ? Consultez notre groupe Facebook : <a href=\"http:\/\/www.facebook.com\/groups\/389233168492215\/\" target=\"_blank\" rel=\"noreferrer noopener\">CERAMICA CH &#8211; C\u00e9ramiques de Suisse et d\u2019ailleurs<\/a><\/p>\n","protected":false},"excerpt":{"rendered":"<p>Le travail d&rsquo;inventaire reprend apr\u00e8s le semi-confinement et les semaines de t\u00e9l\u00e9travail. Le premier mus\u00e9e qui va \u00eatre inventori\u00e9 en juin est le Mus\u00e9e r\u00e9gional de la Surselva \u00e0 Ilanz, dans le canton des Grisons. Dans ce Mus\u00e9e, plus de 300 objets attendent d&rsquo;\u00eatre inventori\u00e9s. Si vous le souhaitez, vous pouvez passer me voir au &hellip; <a href=\"https:\/\/ceramica-ch.ch\/fr\/juin-2020\/\" class=\"more-link\">Continuer la lecture de <span class=\"screen-reader-text\">Juin 2020<\/span> <span class=\"meta-nav\">&rarr;<\/span><\/a><\/p>\n","protected":false},"author":3,"featured_media":0,"comment_status":"closed","ping_status":"closed","sticky":false,"template":"","format":"standard","meta":{"footnotes":""},"categories":[5],"tags":[],"class_list":["post-6227","post","type-post","status-publish","format-standard","hentry","category-non-classifiee"],"_links":{"self":[{"href":"https:\/\/ceramica-ch.ch\/fr\/wp-json\/wp\/v2\/posts\/6227","targetHints":{"allow":["GET"]}}],"collection":[{"href":"https:\/\/ceramica-ch.ch\/fr\/wp-json\/wp\/v2\/posts"}],"about":[{"href":"https:\/\/ceramica-ch.ch\/fr\/wp-json\/wp\/v2\/types\/post"}],"author":[{"embeddable":true,"href":"https:\/\/ceramica-ch.ch\/fr\/wp-json\/wp\/v2\/users\/3"}],"replies":[{"embeddable":true,"href":"https:\/\/ceramica-ch.ch\/fr\/wp-json\/wp\/v2\/comments?post=6227"}],"version-history":[{"count":1,"href":"https:\/\/ceramica-ch.ch\/fr\/wp-json\/wp\/v2\/posts\/6227\/revisions"}],"predecessor-version":[{"id":6228,"href":"https:\/\/ceramica-ch.ch\/fr\/wp-json\/wp\/v2\/posts\/6227\/revisions\/6228"}],"wp:attachment":[{"href":"https:\/\/ceramica-ch.ch\/fr\/wp-json\/wp\/v2\/media?parent=6227"}],"wp:term":[{"taxonomy":"category","embeddable":true,"href":"https:\/\/ceramica-ch.ch\/fr\/wp-json\/wp\/v2\/categories?post=6227"},{"taxonomy":"post_tag","embeddable":true,"href":"https:\/\/ceramica-ch.ch\/fr\/wp-json\/wp\/v2\/tags?post=6227"}],"curies":[{"name":"wp","href":"https:\/\/api.w.org\/{rel}","templated":true}]}}