{"id":6810,"date":"2020-08-04T14:22:00","date_gmt":"2020-08-04T12:22:00","guid":{"rendered":"https:\/\/culture-catalogweb.joanneum.at\/?p=6810"},"modified":"2020-08-26T14:38:05","modified_gmt":"2020-08-26T12:38:05","slug":"4-aout-2020","status":"publish","type":"post","link":"https:\/\/ceramica-ch.ch\/fr\/4-aout-2020\/","title":{"rendered":"4 ao\u00fbt 2020"},"content":{"rendered":"\n<p>Les vacances d&rsquo;\u00e9t\u00e9 sont termin\u00e9es. Il s&rsquo;agit maintenant de retourner \u00e0 la r\u00e9daction et \u00e0 la traduction des textes ! Allez donc lire le nouveau document sur le <a href=\"https:\/\/ceramica-ch.ch\/fr\/glossary\/decor-au-pochoir\/#q=*%3A*\">d\u00e9cor au pochoir<\/a>, en <a href=\"https:\/\/ceramica-ch.ch\/glossary\/schablonendekor\/#q=*%3A*\">allemand<\/a> et en fran\u00e7ais !<\/p>\n\n\n\n<p><\/p>\n\n\n\n<figure class=\"wp-block-image size-large\"><img loading=\"lazy\" decoding=\"async\" width=\"600\" height=\"582\" src=\"https:\/\/culture-catalogweb.joanneum.at\/wp-content\/uploads\/PB-Schweiz_082_FotoAHe_02.jpg\" alt=\"\" class=\"wp-image-6693\" srcset=\"https:\/\/ceramica-ch.ch\/wp-content\/uploads\/PB-Schweiz_082_FotoAHe_02.jpg 600w, https:\/\/ceramica-ch.ch\/wp-content\/uploads\/PB-Schweiz_082_FotoAHe_02-300x291.jpg 300w\" sizes=\"auto, (max-width: 600px) 100vw, 600px\" \/><\/figure>\n\n\n\n<div class=\"wp-block-group is-layout-flow wp-block-group-is-layout-flow\"><div class=\"wp-block-group__inner-container\"><\/div><\/div>\n\n\n\n<div class=\"wp-block-group\"><div class=\"wp-block-group__inner-container is-layout-flow wp-block-group-is-layout-flow\">\n<div class=\"wp-block-group\"><div class=\"wp-block-group__inner-container is-layout-flow wp-block-group-is-layout-flow\">\n<figure class=\"wp-block-embed-wordpress wp-block-embed is-type-wp-embed is-provider-ceramica-ch\"><div class=\"wp-block-embed__wrapper\">\nhttps:\/\/culture-catalogweb.joanneum.at\/glossary\/schablonendekor\n<\/div><\/figure>\n<\/div><\/div>\n<\/div><\/div>\n\n\n\n<p>Vous souhaitez en savoir plus sur nos activit\u00e9s de fa\u00e7on r\u00e9guli\u00e8re ? Consultez notre groupe Facebook:&nbsp;<a rel=\"noreferrer noopener\" href=\"http:\/\/www.facebook.com\/groups\/389233168492215\/\" target=\"_blank\">CERAMICA CH&nbsp;\u2013&nbsp;Keramik in und aus der Schweiz<\/a>.<\/p>\n","protected":false},"excerpt":{"rendered":"<p>Les vacances d&rsquo;\u00e9t\u00e9 sont termin\u00e9es. Il s&rsquo;agit maintenant de retourner \u00e0 la r\u00e9daction et \u00e0 la traduction des textes ! Allez donc lire le nouveau document sur le d\u00e9cor au pochoir, en allemand et en fran\u00e7ais ! Vous souhaitez en savoir plus sur nos activit\u00e9s de fa\u00e7on r\u00e9guli\u00e8re ? Consultez notre groupe Facebook:&nbsp;CERAMICA CH&nbsp;\u2013&nbsp;Keramik in &hellip; <a href=\"https:\/\/ceramica-ch.ch\/fr\/4-aout-2020\/\" class=\"more-link\">Continuer la lecture de <span class=\"screen-reader-text\">4 ao\u00fbt 2020<\/span> <span class=\"meta-nav\">&rarr;<\/span><\/a><\/p>\n","protected":false},"author":3,"featured_media":0,"comment_status":"closed","ping_status":"closed","sticky":false,"template":"","format":"standard","meta":{"footnotes":""},"categories":[5],"tags":[],"class_list":["post-6810","post","type-post","status-publish","format-standard","hentry","category-non-classifiee"],"_links":{"self":[{"href":"https:\/\/ceramica-ch.ch\/fr\/wp-json\/wp\/v2\/posts\/6810","targetHints":{"allow":["GET"]}}],"collection":[{"href":"https:\/\/ceramica-ch.ch\/fr\/wp-json\/wp\/v2\/posts"}],"about":[{"href":"https:\/\/ceramica-ch.ch\/fr\/wp-json\/wp\/v2\/types\/post"}],"author":[{"embeddable":true,"href":"https:\/\/ceramica-ch.ch\/fr\/wp-json\/wp\/v2\/users\/3"}],"replies":[{"embeddable":true,"href":"https:\/\/ceramica-ch.ch\/fr\/wp-json\/wp\/v2\/comments?post=6810"}],"version-history":[{"count":5,"href":"https:\/\/ceramica-ch.ch\/fr\/wp-json\/wp\/v2\/posts\/6810\/revisions"}],"predecessor-version":[{"id":6820,"href":"https:\/\/ceramica-ch.ch\/fr\/wp-json\/wp\/v2\/posts\/6810\/revisions\/6820"}],"wp:attachment":[{"href":"https:\/\/ceramica-ch.ch\/fr\/wp-json\/wp\/v2\/media?parent=6810"}],"wp:term":[{"taxonomy":"category","embeddable":true,"href":"https:\/\/ceramica-ch.ch\/fr\/wp-json\/wp\/v2\/categories?post=6810"},{"taxonomy":"post_tag","embeddable":true,"href":"https:\/\/ceramica-ch.ch\/fr\/wp-json\/wp\/v2\/tags?post=6810"}],"curies":[{"name":"wp","href":"https:\/\/api.w.org\/{rel}","templated":true}]}}