{"id":6813,"date":"2020-08-09T14:25:00","date_gmt":"2020-08-09T12:25:00","guid":{"rendered":"https:\/\/culture-catalogweb.joanneum.at\/?p=6813"},"modified":"2020-08-26T14:39:20","modified_gmt":"2020-08-26T12:39:20","slug":"9-juillet-2020","status":"publish","type":"post","link":"https:\/\/ceramica-ch.ch\/fr\/9-juillet-2020\/","title":{"rendered":"9 juillet 2020"},"content":{"rendered":"\n<figure class=\"wp-block-image size-large\"><img loading=\"lazy\" decoding=\"async\" width=\"600\" height=\"641\" src=\"https:\/\/culture-catalogweb.joanneum.at\/wp-content\/uploads\/MTS_2006-070_FotoAndreasHeege_05.jpg\" alt=\"\" class=\"wp-image-6572\" srcset=\"https:\/\/ceramica-ch.ch\/wp-content\/uploads\/MTS_2006-070_FotoAndreasHeege_05.jpg 600w, https:\/\/ceramica-ch.ch\/wp-content\/uploads\/MTS_2006-070_FotoAndreasHeege_05-281x300.jpg 281w\" sizes=\"auto, (max-width: 600px) 100vw, 600px\" \/><\/figure>\n\n\n\n<p>Le travail sur le mus\u00e9e \u00ab&nbsp;<a href=\"https:\/\/ceramica-ch.ch\/fr\/glossary\/musee-la-truaisch-sedrun-mts\/#q=*%3A*\">La Truaisch&nbsp;<\/a>\u00bb \u00e0 Sedrun sera \u00eatre en grande partie achev\u00e9 d&rsquo;ici le 10 juillet. Il ne manque plus que le catalogage des c\u00e9ramiques du d\u00e9p\u00f4t. Les c\u00e9ramiques du mus\u00e9e compl\u00e8tent consid\u00e9rablement ce que nous poss\u00e9dions sur les potier <a href=\"https:\/\/ceramica-ch.ch\/fr\/glossary\/bugnei-canton-des-grisons-sep-anthoni-deragisch-pere-et-fils\/#q=*%3A*\" target=\"_blank\" rel=\"noreferrer noopener\">Deragisch<\/a> de Bugnei (de 1835 \u00e0 environ 1918) !<\/p>\n\n\n\n<figure class=\"wp-block-embed-wordpress wp-block-embed is-type-wp-embed is-provider-ceramica-ch\"><div class=\"wp-block-embed__wrapper\">\nhttps:\/\/culture-catalogweb.joanneum.at\/glossary\/museum-la-truaisch-sedrun-mlts\/#q=*%3A*\n<\/div><\/figure>\n\n\n\n<p>Vous souhaitez en savoir plus sur nos activit\u00e9s de fa\u00e7on r\u00e9guli\u00e8re ? Consultez notre groupe Facebook :&nbsp;<a rel=\"noreferrer noopener\" href=\"http:\/\/www.facebook.com\/groups\/389233168492215\/\" target=\"_blank\">CERAMICA CH \u2013 Keramik in und aus der Schweiz<\/a>.<\/p>\n","protected":false},"excerpt":{"rendered":"<p>Le travail sur le mus\u00e9e \u00ab&nbsp;La Truaisch&nbsp;\u00bb \u00e0 Sedrun sera \u00eatre en grande partie achev\u00e9 d&rsquo;ici le 10 juillet. Il ne manque plus que le catalogage des c\u00e9ramiques du d\u00e9p\u00f4t. Les c\u00e9ramiques du mus\u00e9e compl\u00e8tent consid\u00e9rablement ce que nous poss\u00e9dions sur les potier Deragisch de Bugnei (de 1835 \u00e0 environ 1918) ! Vous souhaitez en &hellip; <a href=\"https:\/\/ceramica-ch.ch\/fr\/9-juillet-2020\/\" class=\"more-link\">Continuer la lecture de <span class=\"screen-reader-text\">9 juillet 2020<\/span> <span class=\"meta-nav\">&rarr;<\/span><\/a><\/p>\n","protected":false},"author":3,"featured_media":0,"comment_status":"closed","ping_status":"closed","sticky":false,"template":"","format":"standard","meta":{"footnotes":""},"categories":[5],"tags":[],"class_list":["post-6813","post","type-post","status-publish","format-standard","hentry","category-non-classifiee"],"_links":{"self":[{"href":"https:\/\/ceramica-ch.ch\/fr\/wp-json\/wp\/v2\/posts\/6813","targetHints":{"allow":["GET"]}}],"collection":[{"href":"https:\/\/ceramica-ch.ch\/fr\/wp-json\/wp\/v2\/posts"}],"about":[{"href":"https:\/\/ceramica-ch.ch\/fr\/wp-json\/wp\/v2\/types\/post"}],"author":[{"embeddable":true,"href":"https:\/\/ceramica-ch.ch\/fr\/wp-json\/wp\/v2\/users\/3"}],"replies":[{"embeddable":true,"href":"https:\/\/ceramica-ch.ch\/fr\/wp-json\/wp\/v2\/comments?post=6813"}],"version-history":[{"count":2,"href":"https:\/\/ceramica-ch.ch\/fr\/wp-json\/wp\/v2\/posts\/6813\/revisions"}],"predecessor-version":[{"id":6815,"href":"https:\/\/ceramica-ch.ch\/fr\/wp-json\/wp\/v2\/posts\/6813\/revisions\/6815"}],"wp:attachment":[{"href":"https:\/\/ceramica-ch.ch\/fr\/wp-json\/wp\/v2\/media?parent=6813"}],"wp:term":[{"taxonomy":"category","embeddable":true,"href":"https:\/\/ceramica-ch.ch\/fr\/wp-json\/wp\/v2\/categories?post=6813"},{"taxonomy":"post_tag","embeddable":true,"href":"https:\/\/ceramica-ch.ch\/fr\/wp-json\/wp\/v2\/tags?post=6813"}],"curies":[{"name":"wp","href":"https:\/\/api.w.org\/{rel}","templated":true}]}}